{"id":6908,"date":"2025-12-26T12:20:43","date_gmt":"2025-12-26T11:20:43","guid":{"rendered":"https:\/\/visium360.fr\/?p=6908"},"modified":"2025-12-26T12:36:25","modified_gmt":"2025-12-26T11:36:25","slug":"2025-2026-une-epoque-charniere","status":"publish","type":"post","link":"https:\/\/visium360.fr\/index.php\/2025\/12\/26\/2025-2026-une-epoque-charniere\/","title":{"rendered":"2025\/2026, une \u00e9poque charni\u00e8re"},"content":{"rendered":"\t\t<div data-elementor-type=\"wp-post\" data-elementor-id=\"6908\" class=\"elementor elementor-6908\" data-elementor-settings=\"[]\">\n\t\t\t\t\t\t<div class=\"elementor-inner\">\n\t\t\t\t\t\t\t<div class=\"elementor-section-wrap\">\n\t\t\t\t\t\t\t<section class=\"elementor-section elementor-top-section elementor-element elementor-element-1dc2bf8 elementor-section-boxed elementor-section-height-default elementor-section-height-default\" data-id=\"1dc2bf8\" data-element_type=\"section\">\n\t\t\t\t\t\t<div class=\"elementor-container elementor-column-gap-default\">\n\t\t\t\t\t\t\t<div class=\"elementor-row\">\n\t\t\t\t\t<div class=\"elementor-column elementor-col-100 elementor-top-column elementor-element elementor-element-84a8e30\" data-id=\"84a8e30\" data-element_type=\"column\">\n\t\t\t<div class=\"elementor-column-wrap elementor-element-populated\">\n\t\t\t\t\t\t\t<div class=\"elementor-widget-wrap\">\n\t\t\t\t\t\t<div class=\"elementor-element elementor-element-a443c87 elementor-widget elementor-widget-text-editor\" data-id=\"a443c87\" data-element_type=\"widget\" data-widget_type=\"text-editor.default\">\n\t\t\t\t<div class=\"elementor-widget-container\">\n\t\t\t\t\t\t\t\t<div class=\"elementor-text-editor elementor-clearfix\">\n\t\t\t\t<h2 data-start=\"216\" data-end=\"264\">Nous vivons une \u00e9poque charni\u00e8re<\/h2><p data-start=\"305\" data-end=\"538\">Pour la premi\u00e8re fois dans l\u2019histoire, l\u2019humanit\u00e9 peut se retrouver tr\u00e8s rapidement en <strong data-start=\"370\" data-end=\"420\">concurrence directe avec sa propre technologie<\/strong>. L\u2019IA ne se contente plus d\u2019assister l\u2019humain, elle commence \u00e0 <strong data-start=\"476\" data-end=\"491\">le remplace<\/strong>, m\u00e9tier apr\u00e8s m\u00e9tier, fonction apr\u00e8s fonction.<\/p><p data-start=\"540\" data-end=\"904\">En deux ans \u00e0 peine, depuis l\u2019arriv\u00e9e de l\u2019IA grand public, des professions disparaissent trop vite.<br data-start=\"630\" data-end=\"633\" \/>Aujourd\u2019hui, <strong data-start=\"646\" data-end=\"689\">presque tous les m\u00e9tiers sont concern\u00e9s<\/strong>.<br data-start=\"690\" data-end=\"693\" \/>Demain, avec la robotique et l\u2019IA embarqu\u00e9e \u2014 d\u00e9j\u00e0 tr\u00e8s avanc\u00e9es en Chine \u2014 ce sont les usines, les transports, la logistique, les services, et m\u00eame les m\u00e9tiers intellectuels qui seront profond\u00e9ment transform\u00e9s.<\/p><p data-start=\"540\" data-end=\"904\">C&#8217;est la suite logique de notre \u00e9volution technologique mat\u00e9rialiste. Ce n&#8217;est pas l&#8217;IA qu&#8217;il faut incriminer, mais plut\u00f4t notre vision du monde.<\/p><p data-start=\"906\" data-end=\"945\">Face \u00e0 cela, un risque majeur appara\u00eet, si nous ne cr\u00e9ons pas tr\u00e8s rapidement de nouvelles professions \u00e0 valeur ajout\u00e9 par rapport \u00e0 l&#8217;IA.<\/p><p data-start=\"947\" data-end=\"1159\"><strong data-start=\"950\" data-end=\"1025\">Si nous continuons \u00e0 nous d\u00e9finir comme de simples machines biologiques<\/strong>, comme le suppose encore une grande partie de la science mat\u00e9rialiste, alors la comp\u00e9tition avec la machine est perdue d\u2019avance. Il est \u00e9vident que s<span style=\"font-size: 16px;\">ur le terrain du calcul, de la vitesse, de l\u2019optimisation et de la performance, <\/span><strong style=\"font-size: 16px;\" data-start=\"1242\" data-end=\"1275\">l\u2019IA sera toujours sup\u00e9rieure<\/strong><span style=\"font-size: 16px;\">.<\/span><\/p><p data-start=\"1161\" data-end=\"1394\">Chercher \u00e0 rivaliser sur ce terrain, c\u2019est accepter \u00e0 terme de devenir nous-m\u00eames des machines sans libre arbitre.<\/p><p data-start=\"1396\" data-end=\"1651\">Le paradoxe est que l\u2019humanit\u00e9 croit accomplir un vieux r\u00eave, celui de cr\u00e9er une intelligence \u00e9quivalente \u00e0 la sienne, mais elle commet \u00e0 mon sens une <strong data-start=\"1544\" data-end=\"1567\">erreur fondamentale,<\/strong> celle de croire que la conscience humaine est r\u00e9ductible, num\u00e9risable et reproductible.<\/p><p data-start=\"1653\" data-end=\"1723\">C\u2019est pr\u00e9cis\u00e9ment <strong data-start=\"1671\" data-end=\"1685\">maintenant<\/strong> que la question devient essentielle :<\/p><p data-start=\"1725\" data-end=\"1867\">\ud83d\udd39 Qu\u2019est-ce que la conscience humaine ?<br data-start=\"1765\" data-end=\"1768\" \/>\ud83d\udd39 Qu\u2019est-ce qui nous rend r\u00e9ellement irrempla\u00e7ables ?<br data-start=\"1822\" data-end=\"1825\" \/>\ud83d\udd39 O\u00f9 se situe notre v\u00e9ritable potentiel ?<\/p><p data-start=\"1869\" data-end=\"2015\">Car s\u2019il existe un point de diff\u00e9renciation irr\u00e9ductible avec l\u2019IA, ce n\u2019est ni l\u2019intelligence analytique, ni la m\u00e9moire, ni la performance,&#8230; c\u2019est <strong data-start=\"2023\" data-end=\"2040\">la conscience<\/strong>, l\u2019intuition, la cr\u00e9ativit\u00e9 profonde, l\u2019intention, l\u2019\u00e9thique et le libre arbitre.<\/p><p data-start=\"2132\" data-end=\"2261\">Red\u00e9couvrir et comprendre ce potentiel humain n\u2019est plus un luxe philosophique.<br data-start=\"2211\" data-end=\"2214\" \/>C\u2019est devenu <strong data-start=\"2227\" data-end=\"2260\">une urgence civilisationnelle<\/strong>.<\/p>\t\t\t\t\t<\/div>\n\t\t\t\t\t\t<\/div>\n\t\t\t\t<\/div>\n\t\t\t\t\t\t<\/div>\n\t\t\t\t\t<\/div>\n\t\t<\/div>\n\t\t\t\t\t\t\t\t<\/div>\n\t\t\t\t\t<\/div>\n\t\t<\/section>\n\t\t\t\t<section class=\"elementor-section elementor-top-section elementor-element elementor-element-ea6c585 elementor-section-boxed elementor-section-height-default elementor-section-height-default\" data-id=\"ea6c585\" data-element_type=\"section\">\n\t\t\t\t\t\t<div class=\"elementor-container elementor-column-gap-default\">\n\t\t\t\t\t\t\t<div class=\"elementor-row\">\n\t\t\t\t\t<div class=\"elementor-column elementor-col-100 elementor-top-column elementor-element elementor-element-232240c\" data-id=\"232240c\" data-element_type=\"column\">\n\t\t\t<div class=\"elementor-column-wrap elementor-element-populated\">\n\t\t\t\t\t\t\t<div class=\"elementor-widget-wrap\">\n\t\t\t\t\t\t<div class=\"elementor-element elementor-element-510e669 elementor-widget elementor-widget-spacer\" data-id=\"510e669\" data-element_type=\"widget\" data-widget_type=\"spacer.default\">\n\t\t\t\t<div class=\"elementor-widget-container\">\n\t\t\t\t\t<div class=\"elementor-spacer\">\n\t\t\t<div class=\"elementor-spacer-inner\"><\/div>\n\t\t<\/div>\n\t\t\t\t<\/div>\n\t\t\t\t<\/div>\n\t\t\t\t<div class=\"elementor-element elementor-element-3b9f1de elementor-widget elementor-widget-image\" data-id=\"3b9f1de\" data-element_type=\"widget\" data-widget_type=\"image.default\">\n\t\t\t\t<div class=\"elementor-widget-container\">\n\t\t\t\t\t\t\t\t<div class=\"elementor-image\">\n\t\t\t\t\t\t\t\t\t\t\t\t<img loading=\"lazy\" decoding=\"async\" width=\"1024\" height=\"683\" src=\"https:\/\/visium360.fr\/wp-content\/uploads\/2025\/12\/IAConscience-1024x683.png\" class=\"attachment-large size-large\" alt=\"\" \/>\t\t\t\t\t\t\t\t\t\t\t\t\t\t<\/div>\n\t\t\t\t\t\t<\/div>\n\t\t\t\t<\/div>\n\t\t\t\t\t\t<\/div>\n\t\t\t\t\t<\/div>\n\t\t<\/div>\n\t\t\t\t\t\t\t\t<\/div>\n\t\t\t\t\t<\/div>\n\t\t<\/section>\n\t\t\t\t\t\t<\/div>\n\t\t\t\t\t\t<\/div>\n\t\t\t\t\t<\/div>\n\t\t","protected":false},"excerpt":{"rendered":"<p>Nous vivons une \u00e9poque charni\u00e8re Pour la premi\u00e8re fois dans l\u2019histoire, l\u2019humanit\u00e9 peut se retrouver tr\u00e8s rapidement en concurrence directe avec sa propre technologie. L\u2019IA ne se contente plus d\u2019assister l\u2019humain, elle commence \u00e0 le remplace, m\u00e9tier apr\u00e8s m\u00e9tier, fonction apr\u00e8s fonction. En deux ans \u00e0 peine, depuis l\u2019arriv\u00e9e de l\u2019IA grand public, des professions [&hellip;]<\/p>\n","protected":false},"author":1,"featured_media":6929,"comment_status":"open","ping_status":"open","sticky":false,"template":"","format":"standard","meta":{"footnotes":""},"categories":[102,103],"tags":[113,104,109,106,116,114,111,115,112],"class_list":["post-6908","post","type-post","status-publish","format-standard","has-post-thumbnail","hentry","category-humanite","category-technologie-ia","tag-avenir","tag-conscience","tag-humanite","tag-ia","tag-innovationresponsable","tag-intelligenceartificielle","tag-librearbitre","tag-sens","tag-transhumanisme"],"_links":{"self":[{"href":"https:\/\/visium360.fr\/index.php\/wp-json\/wp\/v2\/posts\/6908","targetHints":{"allow":["GET"]}}],"collection":[{"href":"https:\/\/visium360.fr\/index.php\/wp-json\/wp\/v2\/posts"}],"about":[{"href":"https:\/\/visium360.fr\/index.php\/wp-json\/wp\/v2\/types\/post"}],"author":[{"embeddable":true,"href":"https:\/\/visium360.fr\/index.php\/wp-json\/wp\/v2\/users\/1"}],"replies":[{"embeddable":true,"href":"https:\/\/visium360.fr\/index.php\/wp-json\/wp\/v2\/comments?post=6908"}],"version-history":[{"count":22,"href":"https:\/\/visium360.fr\/index.php\/wp-json\/wp\/v2\/posts\/6908\/revisions"}],"predecessor-version":[{"id":6933,"href":"https:\/\/visium360.fr\/index.php\/wp-json\/wp\/v2\/posts\/6908\/revisions\/6933"}],"wp:featuredmedia":[{"embeddable":true,"href":"https:\/\/visium360.fr\/index.php\/wp-json\/wp\/v2\/media\/6929"}],"wp:attachment":[{"href":"https:\/\/visium360.fr\/index.php\/wp-json\/wp\/v2\/media?parent=6908"}],"wp:term":[{"taxonomy":"category","embeddable":true,"href":"https:\/\/visium360.fr\/index.php\/wp-json\/wp\/v2\/categories?post=6908"},{"taxonomy":"post_tag","embeddable":true,"href":"https:\/\/visium360.fr\/index.php\/wp-json\/wp\/v2\/tags?post=6908"}],"curies":[{"name":"wp","href":"https:\/\/api.w.org\/{rel}","templated":true}]}}