{"id":6885,"date":"2025-12-15T17:16:11","date_gmt":"2025-12-15T16:16:11","guid":{"rendered":"https:\/\/visium360.fr\/?p=6885"},"modified":"2025-12-16T09:18:44","modified_gmt":"2025-12-16T08:18:44","slug":"evolution-de-notre-technologie-ou-de-notre-conscience","status":"publish","type":"post","link":"https:\/\/visium360.fr\/index.php\/2025\/12\/15\/evolution-de-notre-technologie-ou-de-notre-conscience\/","title":{"rendered":"Evolution de notre technologie ou de notre conscience ?"},"content":{"rendered":"\t\t<div data-elementor-type=\"wp-post\" data-elementor-id=\"6885\" class=\"elementor elementor-6885\" data-elementor-settings=\"[]\">\n\t\t\t\t\t\t<div class=\"elementor-inner\">\n\t\t\t\t\t\t\t<div class=\"elementor-section-wrap\">\n\t\t\t\t\t\t\t<section class=\"elementor-section elementor-top-section elementor-element elementor-element-6650aa7 elementor-section-boxed elementor-section-height-default elementor-section-height-default\" data-id=\"6650aa7\" data-element_type=\"section\">\n\t\t\t\t\t\t<div class=\"elementor-container elementor-column-gap-default\">\n\t\t\t\t\t\t\t<div class=\"elementor-row\">\n\t\t\t\t\t<div class=\"elementor-column elementor-col-100 elementor-top-column elementor-element elementor-element-09b90cc\" data-id=\"09b90cc\" data-element_type=\"column\">\n\t\t\t<div class=\"elementor-column-wrap elementor-element-populated\">\n\t\t\t\t\t\t\t<div class=\"elementor-widget-wrap\">\n\t\t\t\t\t\t<div class=\"elementor-element elementor-element-1b93fce elementor-widget elementor-widget-text-editor\" data-id=\"1b93fce\" data-element_type=\"widget\" data-widget_type=\"text-editor.default\">\n\t\t\t\t<div class=\"elementor-widget-container\">\n\t\t\t\t\t\t\t\t<div class=\"elementor-text-editor elementor-clearfix\">\n\t\t\t\t<h3 data-start=\"205\" data-end=\"276\">\u00c9volution de la conscience : ni religion, ni mat\u00e9rialisme\u2026 ni IA<\/h3><p data-start=\"278\" data-end=\"407\">On parle souvent de progr\u00e8s, de science, de technologie, d\u2019intelligence artificielle.<br data-start=\"363\" data-end=\"366\" \/>Mais <strong data-start=\"371\" data-end=\"407\">le progr\u00e8s de quoi, exactement ?<\/strong><\/p><p data-start=\"409\" data-end=\"508\">Ce diagramme ci-dessous en cloche (inspir\u00e9 des travaux de Philippe Guillemant, un grand physicien fran\u00e7ais sp\u00e9cialis\u00e9 dans l&#8217;IA et la m\u00e9canique quantique) pose une question essentielle :<\/p><p data-start=\"510\" data-end=\"578\"><strong data-start=\"513\" data-end=\"578\">O\u00f9 se situe r\u00e9ellement l\u2019\u00e9volution de la conscience humaine ?<\/strong><\/p><p data-start=\"580\" data-end=\"748\">\u00c0 droite : <strong data-start=\"594\" data-end=\"620\">la religion dogmatique<\/strong><br data-start=\"620\" data-end=\"623\" \/>Quand la v\u00e9rit\u00e9 est impos\u00e9e, que la croyance est fig\u00e9e, la conscience se ferme.<br data-start=\"702\" data-end=\"705\" \/>Il y a foi\u2026 mais peu de libert\u00e9 int\u00e9rieure.<\/p><p data-start=\"750\" data-end=\"977\">\u00c0 gauche : <strong data-start=\"764\" data-end=\"794\">le mat\u00e9rialisme dogmatique<\/strong>, prolong\u00e9 aujourd\u2019hui par l\u2019<strong data-start=\"823\" data-end=\"829\">IA<\/strong><br data-start=\"829\" data-end=\"832\" \/>Quand la r\u00e9alit\u00e9 est r\u00e9duite au calcul, au d\u00e9terminisme et \u00e0 l\u2019optimisation,<br data-start=\"908\" data-end=\"911\" \/>la conscience est ni\u00e9e, voire remplac\u00e9e par des mod\u00e8les sans v\u00e9cu.<\/p><p data-start=\"979\" data-end=\"1102\">Dans les deux cas, on parle d\u2019<strong data-start=\"1012\" data-end=\"1027\">aveuglement<\/strong>.<br data-start=\"1028\" data-end=\"1031\" \/>Des formes diff\u00e9rentes, mais un m\u00eame r\u00e9sultat : une conscience limit\u00e9e, et une tendance au mode de fonctionnement automatique.<\/p><p data-start=\"1104\" data-end=\"1178\"><strong data-start=\"1107\" data-end=\"1120\">Au centre<\/strong>, au sommet de la cloche : <strong data-start=\"1152\" data-end=\"1178\">la Conscience \u00e9veill\u00e9e<\/strong><\/p><p data-start=\"1180\" data-end=\"1198\">Celle qui \u00e9merge sans dogme, sans r\u00e9duction m\u00e9caniste, par l\u2019exp\u00e9rience v\u00e9cue, par l\u2019intuition et la raison, par la responsabilit\u00e9 individuelle, et par le sens.<\/p><p data-start=\"1357\" data-end=\"1463\"><span>L\u2019IA peut \u00eatre un <strong>outil puissant<\/strong> pour nous permettre d&#8217;aller plus vite et comprendre beaucoup plus de choses, mais elle n\u2019est pas un moteur d\u2019\u00e9volution de la conscience. En ce sens, elle peut acc\u00e9l\u00e9rer l&#8217;appauvrissement de notre discernement.<\/span><\/p><p data-start=\"1465\" data-end=\"1551\">L\u2019enjeu n\u2019est pas de devenir plus performants.<br data-start=\"1511\" data-end=\"1514\" \/>L\u2019enjeu est de rester <strong data-start=\"1536\" data-end=\"1550\">conscients et humains<\/strong><\/p><p data-start=\"1558\" data-end=\"1649\">Et vous, selon vous :<br data-start=\"1582\" data-end=\"1585\" \/><strong data-start=\"1585\" data-end=\"1649\">notre soci\u00e9t\u00e9 monte-t-elle vers la cloche\u2026 ou la redescend-elle ?<\/strong><\/p><p data-start=\"1651\" data-end=\"1775\">#Conscience#\u00c9volutionHumaine#IA#Spiritualit\u00e9SansDogme#ScienceOuverte#Sens#Humanit\u00e9#PhilippeGuillemant<\/p>\t\t\t\t\t<\/div>\n\t\t\t\t\t\t<\/div>\n\t\t\t\t<\/div>\n\t\t\t\t\t\t<\/div>\n\t\t\t\t\t<\/div>\n\t\t<\/div>\n\t\t\t\t\t\t\t\t<\/div>\n\t\t\t\t\t<\/div>\n\t\t<\/section>\n\t\t\t\t<section class=\"elementor-section elementor-top-section elementor-element elementor-element-0d01b03 elementor-section-boxed elementor-section-height-default elementor-section-height-default\" data-id=\"0d01b03\" data-element_type=\"section\">\n\t\t\t\t\t\t<div class=\"elementor-container elementor-column-gap-default\">\n\t\t\t\t\t\t\t<div class=\"elementor-row\">\n\t\t\t\t\t<div class=\"elementor-column elementor-col-100 elementor-top-column elementor-element elementor-element-1609b20\" data-id=\"1609b20\" data-element_type=\"column\">\n\t\t\t<div class=\"elementor-column-wrap elementor-element-populated\">\n\t\t\t\t\t\t\t<div class=\"elementor-widget-wrap\">\n\t\t\t\t\t\t<div class=\"elementor-element elementor-element-a3e8878 elementor-widget elementor-widget-spacer\" data-id=\"a3e8878\" data-element_type=\"widget\" data-widget_type=\"spacer.default\">\n\t\t\t\t<div class=\"elementor-widget-container\">\n\t\t\t\t\t<div class=\"elementor-spacer\">\n\t\t\t<div class=\"elementor-spacer-inner\"><\/div>\n\t\t<\/div>\n\t\t\t\t<\/div>\n\t\t\t\t<\/div>\n\t\t\t\t<div class=\"elementor-element elementor-element-77136ad elementor-widget elementor-widget-image\" data-id=\"77136ad\" data-element_type=\"widget\" data-widget_type=\"image.default\">\n\t\t\t\t<div class=\"elementor-widget-container\">\n\t\t\t\t\t\t\t\t<div class=\"elementor-image\">\n\t\t\t\t\t\t\t\t\t\t\t\t<img loading=\"lazy\" decoding=\"async\" width=\"1024\" height=\"555\" src=\"https:\/\/visium360.fr\/wp-content\/uploads\/2025\/12\/DiagConscience-1-1024x555.png\" class=\"attachment-large size-large\" alt=\"\" \/>\t\t\t\t\t\t\t\t\t\t\t\t\t\t<\/div>\n\t\t\t\t\t\t<\/div>\n\t\t\t\t<\/div>\n\t\t\t\t\t\t<\/div>\n\t\t\t\t\t<\/div>\n\t\t<\/div>\n\t\t\t\t\t\t\t\t<\/div>\n\t\t\t\t\t<\/div>\n\t\t<\/section>\n\t\t\t\t\t\t<\/div>\n\t\t\t\t\t\t<\/div>\n\t\t\t\t\t<\/div>\n\t\t","protected":false},"excerpt":{"rendered":"<p>\u00c9volution de la conscience : ni religion, ni mat\u00e9rialisme\u2026 ni IA On parle souvent de progr\u00e8s, de science, de technologie, d\u2019intelligence artificielle.Mais le progr\u00e8s de quoi, exactement ? Ce diagramme ci-dessous en cloche (inspir\u00e9 des travaux de Philippe Guillemant, un grand physicien fran\u00e7ais sp\u00e9cialis\u00e9 dans l&#8217;IA et la m\u00e9canique quantique) pose une question essentielle : [&hellip;]<\/p>\n","protected":false},"author":1,"featured_media":6886,"comment_status":"open","ping_status":"open","sticky":false,"template":"","format":"standard","meta":{"footnotes":""},"categories":[102,103],"tags":[104,105,109,106,89,110,108,107],"class_list":["post-6885","post","type-post","status-publish","format-standard","has-post-thumbnail","hentry","category-humanite","category-technologie-ia","tag-conscience","tag-evolutionhumaine","tag-humanite","tag-ia","tag-intelligencecollective","tag-philippeguillemant","tag-scienceouverte","tag-spiritualitesansdogme"],"_links":{"self":[{"href":"https:\/\/visium360.fr\/index.php\/wp-json\/wp\/v2\/posts\/6885","targetHints":{"allow":["GET"]}}],"collection":[{"href":"https:\/\/visium360.fr\/index.php\/wp-json\/wp\/v2\/posts"}],"about":[{"href":"https:\/\/visium360.fr\/index.php\/wp-json\/wp\/v2\/types\/post"}],"author":[{"embeddable":true,"href":"https:\/\/visium360.fr\/index.php\/wp-json\/wp\/v2\/users\/1"}],"replies":[{"embeddable":true,"href":"https:\/\/visium360.fr\/index.php\/wp-json\/wp\/v2\/comments?post=6885"}],"version-history":[{"count":17,"href":"https:\/\/visium360.fr\/index.php\/wp-json\/wp\/v2\/posts\/6885\/revisions"}],"predecessor-version":[{"id":6905,"href":"https:\/\/visium360.fr\/index.php\/wp-json\/wp\/v2\/posts\/6885\/revisions\/6905"}],"wp:featuredmedia":[{"embeddable":true,"href":"https:\/\/visium360.fr\/index.php\/wp-json\/wp\/v2\/media\/6886"}],"wp:attachment":[{"href":"https:\/\/visium360.fr\/index.php\/wp-json\/wp\/v2\/media?parent=6885"}],"wp:term":[{"taxonomy":"category","embeddable":true,"href":"https:\/\/visium360.fr\/index.php\/wp-json\/wp\/v2\/categories?post=6885"},{"taxonomy":"post_tag","embeddable":true,"href":"https:\/\/visium360.fr\/index.php\/wp-json\/wp\/v2\/tags?post=6885"}],"curies":[{"name":"wp","href":"https:\/\/api.w.org\/{rel}","templated":true}]}}