{"id":6868,"date":"2025-12-08T11:21:25","date_gmt":"2025-12-08T10:21:25","guid":{"rendered":"https:\/\/visium360.fr\/?p=6868"},"modified":"2025-12-08T11:21:26","modified_gmt":"2025-12-08T10:21:26","slug":"le-visuel-une-methode-de-transformation","status":"publish","type":"post","link":"https:\/\/visium360.fr\/index.php\/2025\/12\/08\/le-visuel-une-methode-de-transformation\/","title":{"rendered":"Le visuel, une m\u00e9thode de transformation"},"content":{"rendered":"\t\t<div data-elementor-type=\"wp-post\" data-elementor-id=\"6868\" class=\"elementor elementor-6868\" data-elementor-settings=\"[]\">\n\t\t\t\t\t\t<div class=\"elementor-inner\">\n\t\t\t\t\t\t\t<div class=\"elementor-section-wrap\">\n\t\t\t\t\t\t\t<section class=\"elementor-section elementor-top-section elementor-element elementor-element-de529ef elementor-section-boxed elementor-section-height-default elementor-section-height-default\" data-id=\"de529ef\" data-element_type=\"section\">\n\t\t\t\t\t\t<div class=\"elementor-container elementor-column-gap-default\">\n\t\t\t\t\t\t\t<div class=\"elementor-row\">\n\t\t\t\t\t<div class=\"elementor-column elementor-col-100 elementor-top-column elementor-element elementor-element-261c780\" data-id=\"261c780\" data-element_type=\"column\">\n\t\t\t<div class=\"elementor-column-wrap elementor-element-populated\">\n\t\t\t\t\t\t\t<div class=\"elementor-widget-wrap\">\n\t\t\t\t\t\t<div class=\"elementor-element elementor-element-d9c3b04 elementor-widget elementor-widget-text-editor\" data-id=\"d9c3b04\" data-element_type=\"widget\" data-widget_type=\"text-editor.default\">\n\t\t\t\t<div class=\"elementor-widget-container\">\n\t\t\t\t\t\t\t\t<div class=\"elementor-text-editor elementor-clearfix\">\n\t\t\t\t<h1 data-start=\"218\" data-end=\"293\"><strong data-start=\"222\" data-end=\"291\">Pourquoi le visuel change tout dans une m\u00e9thode de transformation<\/strong><\/h1><p data-start=\"295\" data-end=\"499\">Dans nos organisations, nous travaillons tous avec des m\u00e9tiers diff\u00e9rents, des langages diff\u00e9rents\u2026 et parfois m\u00eame des niveaux de compr\u00e9hension tr\u00e8s \u00e9loign\u00e9s. Et pourtant, nous devons avancer ensemble.<\/p><p data-start=\"501\" data-end=\"615\">C\u2019est l\u00e0 que le <strong data-start=\"517\" data-end=\"527\">visuel<\/strong> devient un outil puissant.<br data-start=\"554\" data-end=\"557\" \/>Pas un \u201cdessin\u201d. Pas une \u201cslide\u201d.<br data-start=\"590\" data-end=\"593\" \/>Un <strong data-start=\"596\" data-end=\"614\">langage commun<\/strong>.<\/p><p data-start=\"617\" data-end=\"748\"><strong data-start=\"620\" data-end=\"640\">En un coup d&#8217;\u0153il<\/strong>, tout le monde comprend la situation, m\u00eame si les mots peuvent \u00eatre compliqu\u00e9s ou interpr\u00e9t\u00e9s diff\u00e9remment.<\/p><p data-start=\"750\" data-end=\"924\"><strong data-start=\"753\" data-end=\"778\">On construit ensemble<\/strong> : une cartographie, une vision, un diagnostic\u2026 Le fait de co-construire augmente imm\u00e9diatement l\u2019engagement, la compr\u00e9hension et la m\u00e9morisation.<\/p><p data-start=\"926\" data-end=\"998\"><strong data-start=\"929\" data-end=\"994\">On consolide beaucoup plus d\u2019informations sur un m\u00eame support<\/strong> :<\/p><ul data-start=\"999\" data-end=\"1197\"><li data-start=\"999\" data-end=\"1021\"><p data-start=\"1001\" data-end=\"1021\">plusieurs couches,<\/p><\/li><li data-start=\"1022\" data-end=\"1043\"><p data-start=\"1024\" data-end=\"1043\">plusieurs th\u00e8mes,<\/p><\/li><li data-start=\"1044\" data-end=\"1066\"><p data-start=\"1046\" data-end=\"1066\">plusieurs notions,<\/p><\/li><li data-start=\"1067\" data-end=\"1197\"><p data-start=\"1069\" data-end=\"1197\">plusieurs dimensions.<br data-start=\"1090\" data-end=\"1093\" \/>C\u2019est presque une repr\u00e9sentation <em data-start=\"1126\" data-end=\"1136\">fractale<\/em> : chaque \u00e9l\u00e9ment r\u00e9v\u00e8le une facette de la situation globale.<\/p><\/li><\/ul><p data-start=\"1199\" data-end=\"1313\"><strong data-start=\"1202\" data-end=\"1260\">Le visuel aide \u00e0 clarifier ses id\u00e9es et ses priorit\u00e9s.<\/strong><br data-start=\"1260\" data-end=\"1263\" \/>On voit mieux. On comprend mieux. On d\u00e9cide mieux.<\/p><p data-start=\"1315\" data-end=\"1438\"><strong data-start=\"1318\" data-end=\"1379\">Une vision commune et partag\u00e9e donne envie de construire.<\/strong><br data-start=\"1379\" data-end=\"1382\" \/>Comme dans un jeu, on avance ensemble vers un but clair.<\/p><p data-start=\"1440\" data-end=\"1669\"><strong data-start=\"1443\" data-end=\"1496\">Le visuel permet aussi de repr\u00e9senter l\u2019invisible<\/strong> :<br data-start=\"1498\" data-end=\"1501\" \/>\u00e9motions, perceptions, risques, influences, tensions, tendances, projections\u2026<br data-start=\"1578\" data-end=\"1581\" \/>Tout ce qui est difficile \u00e0 \u201cmettre en mots\u201d, mais essentiel pour comprendre la r\u00e9alit\u00e9.<\/p><p data-start=\"1671\" data-end=\"1786\"><strong data-start=\"1674\" data-end=\"1786\">R\u00e9sultat : on comprend plus facilement la complexit\u00e9, on l\u2019analyse mieux, et on la traite plus efficacement.<\/strong><\/p><p data-start=\"1788\" data-end=\"1907\">Le visuel n\u2019est pas un accessoire.<br data-start=\"1822\" data-end=\"1825\" \/>C\u2019est un <strong data-start=\"1834\" data-end=\"1906\">acc\u00e9l\u00e9rateur de compr\u00e9hension, de collaboration et de transformation<\/strong>.<\/p>\t\t\t\t\t<\/div>\n\t\t\t\t\t\t<\/div>\n\t\t\t\t<\/div>\n\t\t\t\t\t\t<\/div>\n\t\t\t\t\t<\/div>\n\t\t<\/div>\n\t\t\t\t\t\t\t\t<\/div>\n\t\t\t\t\t<\/div>\n\t\t<\/section>\n\t\t\t\t<section class=\"elementor-section elementor-top-section elementor-element elementor-element-b7757f8 elementor-section-boxed elementor-section-height-default elementor-section-height-default\" data-id=\"b7757f8\" data-element_type=\"section\">\n\t\t\t\t\t\t<div class=\"elementor-container elementor-column-gap-default\">\n\t\t\t\t\t\t\t<div class=\"elementor-row\">\n\t\t\t\t\t<div class=\"elementor-column elementor-col-100 elementor-top-column elementor-element elementor-element-af4015a\" data-id=\"af4015a\" data-element_type=\"column\">\n\t\t\t<div class=\"elementor-column-wrap elementor-element-populated\">\n\t\t\t\t\t\t\t<div class=\"elementor-widget-wrap\">\n\t\t\t\t\t\t<div class=\"elementor-element elementor-element-0e15b8b elementor-widget elementor-widget-spacer\" data-id=\"0e15b8b\" data-element_type=\"widget\" data-widget_type=\"spacer.default\">\n\t\t\t\t<div class=\"elementor-widget-container\">\n\t\t\t\t\t<div class=\"elementor-spacer\">\n\t\t\t<div class=\"elementor-spacer-inner\"><\/div>\n\t\t<\/div>\n\t\t\t\t<\/div>\n\t\t\t\t<\/div>\n\t\t\t\t<div class=\"elementor-element elementor-element-1b5c420 elementor-widget elementor-widget-image\" data-id=\"1b5c420\" data-element_type=\"widget\" data-widget_type=\"image.default\">\n\t\t\t\t<div class=\"elementor-widget-container\">\n\t\t\t\t\t\t\t\t<div class=\"elementor-image\">\n\t\t\t\t\t\t\t\t\t\t\t\t<img loading=\"lazy\" decoding=\"async\" width=\"1024\" height=\"1024\" src=\"https:\/\/visium360.fr\/wp-content\/uploads\/2025\/12\/CouchesVisuelles.png\" class=\"attachment-large size-large\" alt=\"\" \/>\t\t\t\t\t\t\t\t\t\t\t\t\t\t<\/div>\n\t\t\t\t\t\t<\/div>\n\t\t\t\t<\/div>\n\t\t\t\t\t\t<\/div>\n\t\t\t\t\t<\/div>\n\t\t<\/div>\n\t\t\t\t\t\t\t\t<\/div>\n\t\t\t\t\t<\/div>\n\t\t<\/section>\n\t\t\t\t\t\t<\/div>\n\t\t\t\t\t\t<\/div>\n\t\t\t\t\t<\/div>\n\t\t","protected":false},"excerpt":{"rendered":"<p>Pourquoi le visuel change tout dans une m\u00e9thode de transformation Dans nos organisations, nous travaillons tous avec des m\u00e9tiers diff\u00e9rents, des langages diff\u00e9rents\u2026 et parfois m\u00eame des niveaux de compr\u00e9hension tr\u00e8s \u00e9loign\u00e9s. Et pourtant, nous devons avancer ensemble. C\u2019est l\u00e0 que le visuel devient un outil puissant.Pas un \u201cdessin\u201d. Pas une \u201cslide\u201d.Un langage commun. En [&hellip;]<\/p>\n","protected":false},"author":1,"featured_media":6873,"comment_status":"open","ping_status":"open","sticky":false,"template":"","format":"standard","meta":{"footnotes":""},"categories":[16,73,97],"tags":[99,90,101,83,89,100,87,92,84,98],"class_list":["post-6868","post","type-post","status-publish","format-standard","has-post-thumbnail","hentry","category-analysis","category-diagnostic","category-visuel","tag-cartographie","tag-coachflash","tag-coconstruction","tag-innovation","tag-intelligencecollective","tag-managementvisuel","tag-organisation","tag-transformation","tag-visium360","tag-visualthinking"],"_links":{"self":[{"href":"https:\/\/visium360.fr\/index.php\/wp-json\/wp\/v2\/posts\/6868","targetHints":{"allow":["GET"]}}],"collection":[{"href":"https:\/\/visium360.fr\/index.php\/wp-json\/wp\/v2\/posts"}],"about":[{"href":"https:\/\/visium360.fr\/index.php\/wp-json\/wp\/v2\/types\/post"}],"author":[{"embeddable":true,"href":"https:\/\/visium360.fr\/index.php\/wp-json\/wp\/v2\/users\/1"}],"replies":[{"embeddable":true,"href":"https:\/\/visium360.fr\/index.php\/wp-json\/wp\/v2\/comments?post=6868"}],"version-history":[{"count":13,"href":"https:\/\/visium360.fr\/index.php\/wp-json\/wp\/v2\/posts\/6868\/revisions"}],"predecessor-version":[{"id":6883,"href":"https:\/\/visium360.fr\/index.php\/wp-json\/wp\/v2\/posts\/6868\/revisions\/6883"}],"wp:featuredmedia":[{"embeddable":true,"href":"https:\/\/visium360.fr\/index.php\/wp-json\/wp\/v2\/media\/6873"}],"wp:attachment":[{"href":"https:\/\/visium360.fr\/index.php\/wp-json\/wp\/v2\/media?parent=6868"}],"wp:term":[{"taxonomy":"category","embeddable":true,"href":"https:\/\/visium360.fr\/index.php\/wp-json\/wp\/v2\/categories?post=6868"},{"taxonomy":"post_tag","embeddable":true,"href":"https:\/\/visium360.fr\/index.php\/wp-json\/wp\/v2\/tags?post=6868"}],"curies":[{"name":"wp","href":"https:\/\/api.w.org\/{rel}","templated":true}]}}